{"id":1005,"date":"2025-11-14T13:39:09","date_gmt":"2025-11-14T12:39:09","guid":{"rendered":"https:\/\/blog.whitebracelet.hu\/?p=1005"},"modified":"2025-11-14T13:39:09","modified_gmt":"2025-11-14T12:39:09","slug":"amikor-magasabb-rendu-dolgokra-nem-futja-az-eronkbol-a-kisszeruekkel-kell-szorgalmasan-torodnunk","status":"publish","type":"post","link":"https:\/\/zarandokuton.hu\/?p=1005","title":{"rendered":"Amikor magasabb rend\u0171 dolgokra nem futja az er\u0151nkb\u0151l, a kisszer\u0171ekkel kell szorgalmasan t\u00f6r\u0151dn\u00fcnk"},"content":{"rendered":"\n<p class=\"wp-block-paragraph\">I. Fiam, lehetetlen az, hogy mindig az er\u00e9nyek ut\u00e1n val\u00f3 v\u00e1gyakoz\u00e1s t\u00fcz\u00e9ben \u00e9gj, vagy az elm\u00e9lked\u00e9s magas fok\u00e1n \u00e1llj, k\u00f6zbe-k\u00f6zbe az eredeti roml\u00e1s miatt le kell ereszkedned ahhoz, ami alacsonyabb, s e romland\u00f3 \u00e9let terh\u00e9t \u2013 tetszik, nem tetszik \u2013, elundorodva hordanod kell.<br>Am\u00edg haland\u00f3 testben \u00e9lsz, el-elfog az undor \u00e9s sz\u00edved el-elnehez\u00fcl.<br>Egysz\u00f3val kell, hogy am\u00edg testben \u00e9lsz, gyakran f\u00f6lfoh\u00e1szkodj a test terhe miatt, az\u00e9rt, mert k\u00e9ptelen vagy folyton lelki dolgokkal \u00e9s istenes elm\u00e9lked\u00e9ssel foglalkozni.<\/p>\n\n\n\n<p class=\"wp-block-paragraph\">II. Ilyenkor j\u00f3l teszed, ha alacsony, k\u00fcls\u0151 foglalatoss\u00e1ghoz menek\u00fclsz, \u00e9s a j\u00f3tettekben \u00fcd\u00fclsz f\u00f6l, hogy elj\u00f6vetelemet, mennyei l\u00e1togat\u00e1somat szil\u00e1rd rem\u00e9nys\u00e9ggel v\u00e1rd, sz\u00e1mkivetetts\u00e9ged, lelked sz\u00e1razs\u00e1g\u00e1t t\u00fcrelmesen viseld, m\u00edg \u00fajra meg nem l\u00e1togatlak, \u00e9s minden bajodt\u00f3l meg nem szabad\u00edtlak.<br>Mert majd \u00fagy int\u00e9zem, hogy elfeledd f\u00e1radoz\u00e1sod, sz\u00edvbeli b\u00e9k\u00e9t \u00e9lvezz.<br>Kinyitom el\u0151tted az \u00cdr\u00e1soknak sz\u00e9p z\u00f6ld mezej\u00e9t, hogy kit\u00e1gult sz\u00edvvel futni kezdj parancsaimnak \u00fatj\u00e1n.<br>Akkor majd azt mondod: nem foghat\u00f3k az evil\u00e1gi szenved\u00e9sek az elj\u00f6vend\u0151 dics\u0151s\u00e9ghez, amely f\u00f6lragyog mibenn\u00fcnk.<\/p>\n","protected":false},"excerpt":{"rendered":"<p>I. Fiam, lehetetlen az, hogy mindig az er\u00e9nyek ut\u00e1n val\u00f3 v\u00e1gyakoz\u00e1s t\u00fcz\u00e9ben \u00e9gj, vagy az elm\u00e9lked\u00e9s magas fok\u00e1n \u00e1llj, k\u00f6zbe-k\u00f6zbe az eredeti roml\u00e1s miatt le kell ereszkedned ahhoz, ami alacsonyabb, s e romland\u00f3 \u00e9let terh\u00e9t \u2013 tetszik, nem tetszik \u2013, elundorodva hordanod kell.Am\u00edg haland\u00f3 testben \u00e9lsz, el-elfog az undor \u00e9s sz\u00edved el-elnehez\u00fcl.Egysz\u00f3val kell, hogy am\u00edg [&hellip;]<\/p>\n","protected":false},"author":3,"featured_media":0,"comment_status":"closed","ping_status":"closed","sticky":false,"template":"wp-custom-template-krisztus-k-vet-se-bejegyz-sek","format":"standard","meta":{"footnotes":""},"categories":[5],"tags":[],"class_list":["post-1005","post","type-post","status-publish","format-standard","hentry","category-krisztus-kovetese"],"_links":{"self":[{"href":"https:\/\/zarandokuton.hu\/index.php?rest_route=\/wp\/v2\/posts\/1005","targetHints":{"allow":["GET"]}}],"collection":[{"href":"https:\/\/zarandokuton.hu\/index.php?rest_route=\/wp\/v2\/posts"}],"about":[{"href":"https:\/\/zarandokuton.hu\/index.php?rest_route=\/wp\/v2\/types\/post"}],"author":[{"embeddable":true,"href":"https:\/\/zarandokuton.hu\/index.php?rest_route=\/wp\/v2\/users\/3"}],"replies":[{"embeddable":true,"href":"https:\/\/zarandokuton.hu\/index.php?rest_route=%2Fwp%2Fv2%2Fcomments&post=1005"}],"version-history":[{"count":0,"href":"https:\/\/zarandokuton.hu\/index.php?rest_route=\/wp\/v2\/posts\/1005\/revisions"}],"wp:attachment":[{"href":"https:\/\/zarandokuton.hu\/index.php?rest_route=%2Fwp%2Fv2%2Fmedia&parent=1005"}],"wp:term":[{"taxonomy":"category","embeddable":true,"href":"https:\/\/zarandokuton.hu\/index.php?rest_route=%2Fwp%2Fv2%2Fcategories&post=1005"},{"taxonomy":"post_tag","embeddable":true,"href":"https:\/\/zarandokuton.hu\/index.php?rest_route=%2Fwp%2Fv2%2Ftags&post=1005"}],"curies":[{"name":"wp","href":"https:\/\/api.w.org\/{rel}","templated":true}]}}