{"id":1017,"date":"2025-11-14T13:46:26","date_gmt":"2025-11-14T12:46:26","guid":{"rendered":"https:\/\/blog.whitebracelet.hu\/?p=1017"},"modified":"2025-11-14T13:46:26","modified_gmt":"2025-11-14T12:46:26","slug":"nem-erdemes-nagyon-elhagynia-magat-az-embernek-ha-ereje-fogytat-erzi","status":"publish","type":"post","link":"https:\/\/zarandokuton.hu\/?p=1017","title":{"rendered":"Nem \u00e9rdemes nagyon elhagynia mag\u00e1t az embernek, ha ereje fogyt\u00e1t \u00e9rzi"},"content":{"rendered":"\n<p class=\"wp-block-paragraph\">I. Fiam, \u00e9n t\u00f6bbre tartom a t\u00fcrelmet \u00e9s az al\u00e1zatoss\u00e1got, amely kedvez\u0151tlen k\u00f6r\u00fclm\u00e9nyek k\u00f6zt ragyog f\u00f6l, mint a sok kedvesked\u0151 sz\u00f3t \u00e9s \u00e1h\u00edtatot akkor, amikor j\u00f3l megy sorod.<br>Mi\u00e9rt szomor\u00edt meg minden kicsis\u00e9g, amit ellened mondanak?<br>Ha nagyobb lett volna, akkor sem kellett volna \u00edgy felindulnod.<br>Ne heder\u00edts r\u00e1.<br>Nem els\u0151 eset, nem \u00faj dolog ez, s ha sok\u00e1ig \u00e9lsz, utols\u00f3 sem lesz.<br>El\u00e9g nagy leg\u00e9ny vagy, m\u00edg valami nem \u00e9r.<br>J\u00f3 tan\u00e1csokat is osztogatsz \u00e9s \u00e9rtesz ahhoz, hogy m\u00e1sokat j\u00f3 sz\u00f3val vigasztalj, de amikor a te ajt\u00f3don kopogtat a hirtelen megpr\u00f3b\u00e1ltat\u00e1s, tan\u00e1cstalan vagy \u00e9s er\u0151tlen.<br>Figyeld csak meg, milyen t\u00f6r\u00e9keny vagy, hisz sok apr\u00f3s\u00e1gban tapasztalod ezt.<br>De \u00fcdv\u00f6ss\u00e9ged \u00e9rdek\u00e9ben t\u00f6rt\u00e9nik az is, ha ezek s eff\u00e9l\u00e9k megesnek.<br>Vesd ki ezeket a sz\u00edvedb\u0151l, amennyire tudod, s ha m\u00e9gis utol\u00e9rnek, ne t\u00f6rj miattuk \u00f6ssze, ne bonyol\u00f3dj\u00e1l bel\u00e9j\u00fck.<br>Legal\u00e1bb t\u00fcrelmes l\u00e9gy kitart\u00e1sodban, ha m\u00e1r ujjongani nem tudsz.<br>S ha valamit kedvetlen\u00fcl hallgatsz is, m\u00e9ltatlankodva, fogd vissza magad, ne engedd, hogy valami hozz\u00e1d nem ill\u0151 szaladjon ki a sz\u00e1don, hogy a kicsinyek botr\u00e1nkozzanak.<br>Egykett\u0151re elcsitul a f\u00f6lt\u00e1madt vihar, s a bels\u0151 f\u00e1jdalom meg\u00e9desedik akkor, ha visszat\u00e9r a kegyelem.<br>\u00c9lek \u00e9n, mondja az \u00dar, k\u00e9sz vagyok arra, hogy megseg\u00edtselek \u00e9s a szokottn\u00e1l nagyobb vigasztal\u00e1sban r\u00e9szes\u00edtselek, ha b\u00edzol bennem \u00e9s \u00e1h\u00edtatosan seg\u00edts\u00e9g\u00fcl h\u00edvsz.<br>L\u00e9gy cs\u00f6ndesebb l\u00e9lekkel, \u00e9s \u00f6vezd f\u00f6l magad nagyobb t\u00fcrelemre.<br>Nem v\u00e9sz az k\u00e1rba, ha \u00fagy \u00e9rzed, hogy gyakran zaklat\u00e1s vagy s\u00falyos k\u00eds\u00e9rt\u00e9s vesz k\u00f6r\u00fcl.<br>Ember vagy \u00e9s nem Isten, test vagy, nem angyal.<br>Hogyan is \u00e1llhatn\u00e1l meg mindig az er\u00e9nynek ugyanabban az \u00e1llapot\u00e1ban, ha ez a mennyei angyaloknak s a paradicsombeli els\u0151 embernek sem siker\u00fclt?<br>\u00c9n a megkeseredetteket \u00e1pol\u00f3 k\u00e9zzel f\u00f6legyenes\u00edtem, s azoknak, akik saj\u00e1t gyarl\u00f3s\u00e1gukat megismert\u00e9k, isteni seg\u00edts\u00e9gemmel adok f\u00f6lemelked\u00e9st.<\/p>\n\n\n\n<p class=\"wp-block-paragraph\">II. Uram, \u00e1ldott a te szavad, m\u00e9zn\u00e9l, l\u00e9pesm\u00e9zn\u00e9l \u00e9desebb a sz\u00e1mban.<br>Hova lenn\u00e9k sok h\u00e1bor\u00fas\u00e1gomban, sz\u00fcks\u00e9gemben, ha szent ig\u00e9iddel meg nem er\u0151s\u00edten\u00e9l?<br>Csak v\u00e9g\u00fcl eljussak az \u00fcdv\u00f6ss\u00e9g kik\u00f6t\u0151j\u00e9ben, mit sz\u00e1m\u00edt akkor, hogy k\u00f6zben mit \u00e9s mennyit szenvedek.<br>Adj j\u00f3 v\u00e9get, adj \u00fcdv\u00f6ss\u00e9ges kim\u00fal\u00e1st e vil\u00e1gb\u00f3l.<br>Eml\u00e9kezz\u00e9l r\u00f3lam, \u00e9n Istenem, \u00e9s vezess engem egyenes \u00faton a te orsz\u00e1godba.<br>Amen.<\/p>\n","protected":false},"excerpt":{"rendered":"<p>I. Fiam, \u00e9n t\u00f6bbre tartom a t\u00fcrelmet \u00e9s az al\u00e1zatoss\u00e1got, amely kedvez\u0151tlen k\u00f6r\u00fclm\u00e9nyek k\u00f6zt ragyog f\u00f6l, mint a sok kedvesked\u0151 sz\u00f3t \u00e9s \u00e1h\u00edtatot akkor, amikor j\u00f3l megy sorod.Mi\u00e9rt szomor\u00edt meg minden kicsis\u00e9g, amit ellened mondanak?Ha nagyobb lett volna, akkor sem kellett volna \u00edgy felindulnod.Ne heder\u00edts r\u00e1.Nem els\u0151 eset, nem \u00faj dolog ez, s ha sok\u00e1ig [&hellip;]<\/p>\n","protected":false},"author":3,"featured_media":0,"comment_status":"closed","ping_status":"closed","sticky":false,"template":"wp-custom-template-krisztus-k-vet-se-bejegyz-sek","format":"standard","meta":{"footnotes":""},"categories":[5],"tags":[],"class_list":["post-1017","post","type-post","status-publish","format-standard","hentry","category-krisztus-kovetese"],"_links":{"self":[{"href":"https:\/\/zarandokuton.hu\/index.php?rest_route=\/wp\/v2\/posts\/1017","targetHints":{"allow":["GET"]}}],"collection":[{"href":"https:\/\/zarandokuton.hu\/index.php?rest_route=\/wp\/v2\/posts"}],"about":[{"href":"https:\/\/zarandokuton.hu\/index.php?rest_route=\/wp\/v2\/types\/post"}],"author":[{"embeddable":true,"href":"https:\/\/zarandokuton.hu\/index.php?rest_route=\/wp\/v2\/users\/3"}],"replies":[{"embeddable":true,"href":"https:\/\/zarandokuton.hu\/index.php?rest_route=%2Fwp%2Fv2%2Fcomments&post=1017"}],"version-history":[{"count":0,"href":"https:\/\/zarandokuton.hu\/index.php?rest_route=\/wp\/v2\/posts\/1017\/revisions"}],"wp:attachment":[{"href":"https:\/\/zarandokuton.hu\/index.php?rest_route=%2Fwp%2Fv2%2Fmedia&parent=1017"}],"wp:term":[{"taxonomy":"category","embeddable":true,"href":"https:\/\/zarandokuton.hu\/index.php?rest_route=%2Fwp%2Fv2%2Fcategories&post=1017"},{"taxonomy":"post_tag","embeddable":true,"href":"https:\/\/zarandokuton.hu\/index.php?rest_route=%2Fwp%2Fv2%2Ftags&post=1017"}],"curies":[{"name":"wp","href":"https:\/\/api.w.org\/{rel}","templated":true}]}}