{"id":282,"date":"2025-10-28T11:31:26","date_gmt":"2025-10-28T10:31:26","guid":{"rendered":"https:\/\/blog.whitebracelet.hu\/?p=282"},"modified":"2025-12-10T08:45:55","modified_gmt":"2025-12-10T08:45:55","slug":"a-fold-soja-a-vilag-vilagossaga-mate","status":"publish","type":"post","link":"https:\/\/zarandokuton.hu\/?p=282","title":{"rendered":"A f\u00f6ld s\u00f3ja, a vil\u00e1g vil\u00e1goss\u00e1ga &#8211; M\u00e1t\u00e9"},"content":{"rendered":"\n<p class=\"has-text-align-center wp-block-paragraph\">\u201eTi vagytok a f\u00f6ld s\u00f3ja. De ha a s\u00f3 \u00edzetlenn\u00e9 v\u00e1lik, mivel s\u00f3zz\u00e1k meg? Semmire sem j\u00f3 t\u00f6bb\u00e9, mint hogy kidobj\u00e1k, \u00e9s eltaposs\u00e1k az emberek. Ti vagytok a vil\u00e1g vil\u00e1goss\u00e1ga. Nem lehet elrejteni a hegyre \u00e9p\u00fclt v\u00e1rost. L\u00e1mp\u00e1t sem az\u00e9rt gy\u00fajtanak, hogy azt\u00e1n a v\u00e9ka al\u00e1 tegy\u00e9k, hanem a l\u00e1mpatart\u00f3ra, hogy vil\u00e1g\u00edtson mindenkinek, aki a h\u00e1zban van. \u00dagy vil\u00e1g\u00edtson a ti vil\u00e1goss\u00e1gotok az emberek el\u0151tt, hogy l\u00e1ss\u00e1k j\u00f3tetteiteket \u00e9s dics\u0151\u00edts\u00e9k Aty\u00e1tokat, aki a mennyekben van.\u201d<\/p>\n\n\n\n<p class=\"has-text-align-right wp-block-paragraph\"><em>Mt 5, 13-16<\/em><\/p>\n\n\n\n<p class=\"has-text-align-right wp-block-paragraph\"><em>L\u00e1sd m\u00e9g:<\/em><br><em><a href=\"https:\/\/zarandokuton.hu\/?p=365\" data-type=\"post\" data-id=\"365\">Mk 9, 49-50<\/a><\/em><br><em><a href=\"https:\/\/zarandokuton.hu\/?p=379\" data-type=\"post\" data-id=\"379\">Lk 14, 34-35<\/a><\/em><\/p>\n\n\n\n<p class=\"wp-block-paragraph\"><\/p>\n","protected":false},"excerpt":{"rendered":"<p>\u201eTi vagytok a f\u00f6ld s\u00f3ja. De ha a s\u00f3 \u00edzetlenn\u00e9 v\u00e1lik, mivel s\u00f3zz\u00e1k meg? Semmire sem j\u00f3 t\u00f6bb\u00e9, mint hogy kidobj\u00e1k, \u00e9s eltaposs\u00e1k az emberek. Ti vagytok a vil\u00e1g vil\u00e1goss\u00e1ga. Nem lehet elrejteni a hegyre \u00e9p\u00fclt v\u00e1rost. L\u00e1mp\u00e1t sem az\u00e9rt gy\u00fajtanak, hogy azt\u00e1n a v\u00e9ka al\u00e1 tegy\u00e9k, hanem a l\u00e1mpatart\u00f3ra, hogy vil\u00e1g\u00edtson mindenkinek, aki a [&hellip;]<\/p>\n","protected":false},"author":2,"featured_media":0,"comment_status":"closed","ping_status":"closed","sticky":false,"template":"wp-custom-template-biblia-bejegyz-sek","format":"standard","meta":{"footnotes":""},"categories":[2],"tags":[],"class_list":["post-282","post","type-post","status-publish","format-standard","hentry","category-biblia"],"_links":{"self":[{"href":"https:\/\/zarandokuton.hu\/index.php?rest_route=\/wp\/v2\/posts\/282","targetHints":{"allow":["GET"]}}],"collection":[{"href":"https:\/\/zarandokuton.hu\/index.php?rest_route=\/wp\/v2\/posts"}],"about":[{"href":"https:\/\/zarandokuton.hu\/index.php?rest_route=\/wp\/v2\/types\/post"}],"author":[{"embeddable":true,"href":"https:\/\/zarandokuton.hu\/index.php?rest_route=\/wp\/v2\/users\/2"}],"replies":[{"embeddable":true,"href":"https:\/\/zarandokuton.hu\/index.php?rest_route=%2Fwp%2Fv2%2Fcomments&post=282"}],"version-history":[{"count":1,"href":"https:\/\/zarandokuton.hu\/index.php?rest_route=\/wp\/v2\/posts\/282\/revisions"}],"predecessor-version":[{"id":1104,"href":"https:\/\/zarandokuton.hu\/index.php?rest_route=\/wp\/v2\/posts\/282\/revisions\/1104"}],"wp:attachment":[{"href":"https:\/\/zarandokuton.hu\/index.php?rest_route=%2Fwp%2Fv2%2Fmedia&parent=282"}],"wp:term":[{"taxonomy":"category","embeddable":true,"href":"https:\/\/zarandokuton.hu\/index.php?rest_route=%2Fwp%2Fv2%2Fcategories&post=282"},{"taxonomy":"post_tag","embeddable":true,"href":"https:\/\/zarandokuton.hu\/index.php?rest_route=%2Fwp%2Fv2%2Ftags&post=282"}],"curies":[{"name":"wp","href":"https:\/\/api.w.org\/{rel}","templated":true}]}}