{"id":303,"date":"2025-10-28T13:12:08","date_gmt":"2025-10-28T12:12:08","guid":{"rendered":"https:\/\/blog.whitebracelet.hu\/?p=303"},"modified":"2025-10-28T13:12:08","modified_gmt":"2025-10-28T12:12:08","slug":"a-buza-es-a-konkoly-mate","status":"publish","type":"post","link":"https:\/\/zarandokuton.hu\/?p=303","title":{"rendered":"A b\u00faza \u00e9s a konkoly &#8211; M\u00e1t\u00e9"},"content":{"rendered":"\n<p class=\"has-text-align-center wp-block-paragraph\">\u201eM\u00e1s p\u00e9ldabesz\u00e9det is mondott nekik: \u00bbHasonl\u00edt a mennyek orsz\u00e1ga egy emberhez, aki j\u00f3 magot vetett sz\u00e1nt\u00f3f\u00f6ldj\u00e9be. Am\u00edg aludtak az emberek, elj\u00f6tt az ellens\u00e9ge, konkolyt vetett a b\u00faza k\u00f6z\u00e9 \u00e9s elment. Amikor kisarjadt a gabona \u00e9s kal\u00e1szba sz\u00f6kkent, el\u0151t\u0171nt a konkoly is. Odamentek a szolg\u00e1k a gazd\u00e1hoz \u00e9s azt mondt\u00e1k neki: &#8216;Uram! Ugye, te j\u00f3 magot vetett\u00e9l a sz\u00e1nt\u00f3f\u00f6ldedbe? Honnan van h\u00e1t benne a konkoly?&#8217; Azt felelte nekik: &#8216;Ellens\u00e9ges ember cselekedte ezt.&#8217; A szolg\u00e1k erre megk\u00e9rdezt\u00e9k t\u0151le: &#8216;Akarod-e, hogy elmenj\u00fcnk \u00e9s kiszedj\u00fck bel\u0151le?&#8217; \u0150 azonban azt felelte: &#8216;Nem, nehogy a konkolyt kiszedve kit\u00e9pj\u00e9tek vele egy\u00fctt a b\u00faz\u00e1t is. Hagyj\u00e1tok egy\u00fctt feln\u0151ni mindkett\u0151t az arat\u00e1sig. Arat\u00e1skor majd megmondom az arat\u00f3knak: Gy\u0171jts\u00e9tek el\u0151sz\u00f6r \u00f6ssze a konkolyt \u00e9s k\u00f6ss\u00e9tek k\u00e9v\u00e9kbe, hogy el\u00e9gess\u00e9k. A b\u00faz\u00e1t pedig gy\u0171jts\u00e9tek \u00f6ssze a magt\u00e1ramba&#8217;.\u00ab\u201d<\/p>\n\n\n\n<p class=\"has-text-align-right wp-block-paragraph\"><em>Mt 13, 24-30<\/em><\/p>\n","protected":false},"excerpt":{"rendered":"<p>\u201eM\u00e1s p\u00e9ldabesz\u00e9det is mondott nekik: \u00bbHasonl\u00edt a mennyek orsz\u00e1ga egy emberhez, aki j\u00f3 magot vetett sz\u00e1nt\u00f3f\u00f6ldj\u00e9be. Am\u00edg aludtak az emberek, elj\u00f6tt az ellens\u00e9ge, konkolyt vetett a b\u00faza k\u00f6z\u00e9 \u00e9s elment. Amikor kisarjadt a gabona \u00e9s kal\u00e1szba sz\u00f6kkent, el\u0151t\u0171nt a konkoly is. Odamentek a szolg\u00e1k a gazd\u00e1hoz \u00e9s azt mondt\u00e1k neki: &#8216;Uram! Ugye, te j\u00f3 magot [&hellip;]<\/p>\n","protected":false},"author":2,"featured_media":0,"comment_status":"closed","ping_status":"closed","sticky":false,"template":"wp-custom-template-biblia-bejegyz-sek","format":"standard","meta":{"footnotes":""},"categories":[2],"tags":[],"class_list":["post-303","post","type-post","status-publish","format-standard","hentry","category-biblia"],"_links":{"self":[{"href":"https:\/\/zarandokuton.hu\/index.php?rest_route=\/wp\/v2\/posts\/303","targetHints":{"allow":["GET"]}}],"collection":[{"href":"https:\/\/zarandokuton.hu\/index.php?rest_route=\/wp\/v2\/posts"}],"about":[{"href":"https:\/\/zarandokuton.hu\/index.php?rest_route=\/wp\/v2\/types\/post"}],"author":[{"embeddable":true,"href":"https:\/\/zarandokuton.hu\/index.php?rest_route=\/wp\/v2\/users\/2"}],"replies":[{"embeddable":true,"href":"https:\/\/zarandokuton.hu\/index.php?rest_route=%2Fwp%2Fv2%2Fcomments&post=303"}],"version-history":[{"count":0,"href":"https:\/\/zarandokuton.hu\/index.php?rest_route=\/wp\/v2\/posts\/303\/revisions"}],"wp:attachment":[{"href":"https:\/\/zarandokuton.hu\/index.php?rest_route=%2Fwp%2Fv2%2Fmedia&parent=303"}],"wp:term":[{"taxonomy":"category","embeddable":true,"href":"https:\/\/zarandokuton.hu\/index.php?rest_route=%2Fwp%2Fv2%2Fcategories&post=303"},{"taxonomy":"post_tag","embeddable":true,"href":"https:\/\/zarandokuton.hu\/index.php?rest_route=%2Fwp%2Fv2%2Ftags&post=303"}],"curies":[{"name":"wp","href":"https:\/\/api.w.org\/{rel}","templated":true}]}}