{"id":485,"date":"2025-11-02T13:13:35","date_gmt":"2025-11-02T12:13:35","guid":{"rendered":"https:\/\/blog.whitebracelet.hu\/?p=485"},"modified":"2025-11-02T13:13:35","modified_gmt":"2025-11-02T12:13:35","slug":"a-tekozlo-fiu-lukacs","status":"publish","type":"post","link":"https:\/\/zarandokuton.hu\/?p=485","title":{"rendered":"A t\u00e9kozl\u00f3 fi\u00fa &#8211; Luk\u00e1cs"},"content":{"rendered":"\n<p class=\"has-text-align-center wp-block-paragraph\">\u201eAzut\u00e1n \u00edgy sz\u00f3lt: \u00bbEgy embernek volt k\u00e9t fia. A fiatalabb azt mondta apj\u00e1nak: &#8216;Ap\u00e1m! Add ki nekem az \u00f6r\u00f6ks\u00e9g r\u00e1m es\u0151 r\u00e9sz\u00e9t!&#8217; Erre sz\u00e9tosztotta k\u00f6zt\u00fck vagyon\u00e1t. Nem sokkal ezut\u00e1n a fiatalabb fi\u00fa \u00f6sszeszedte minden\u00e9t, elment egy t\u00e1voli orsz\u00e1gba, \u00e9s ott l\u00e9ha \u00e9lettel elt\u00e9kozolta vagyon\u00e1t. Miut\u00e1n mindent elpazarolt, nagy \u00e9h\u00edns\u00e9g t\u00e1madt azon a vid\u00e9ken, \u00e9s n\u00e9lk\u00fcl\u00f6zni kezdett. Erre elment \u00e9s elszeg\u0151d\u00f6tt egy ottani gazd\u00e1hoz, aki kik\u00fcldte a tany\u00e1j\u00e1ra, hogy \u0151rizze a diszn\u00f3kat. Szeretett volna j\u00f3llakni a diszn\u00f3k eledel\u00e9vel, de abb\u00f3l sem adtak neki. Ekkor mag\u00e1ba sz\u00e1llt, \u00e9s azt mondta: &#8216;Ap\u00e1mnak h\u00e1ny b\u00e9rese b\u0151velkedik keny\u00e9rben, \u00e9n meg itt \u00e9hen halok. F\u00f6lkelek, elmegyek ap\u00e1mhoz, \u00e9s azt mondom neki: Ap\u00e1m! V\u00e9tkeztem az \u00e9g ellen \u00e9s teellened! M\u00e1r nem vagyok m\u00e9lt\u00f3 arra, hogy fiadnak nevezz, csak b\u00e9reseid k\u00f6z\u00e9 fogadj be engem!&#8217; F\u00f6l is kerekedett, \u00e9s elment apj\u00e1hoz. <br>Apja m\u00e1r messz\u00edr\u0151l megl\u00e1tta \u00e9s megesett rajta a sz\u00edve. El\u00e9je sietett, a nyak\u00e1ba borult \u00e9s megcs\u00f3kolta. A fi\u00fa \u00edgy sz\u00f3lt hozz\u00e1: &#8216;Ap\u00e1m! V\u00e9tkeztem az \u00e9g ellen \u00e9s teellened; m\u00e1r nem vagyok m\u00e9lt\u00f3 arra, hogy fiadnak nevezz.&#8217; Az apa azonban ezt mondta szolg\u00e1inak: &#8216;Hozz\u00e1tok hamar a legdr\u00e1g\u00e1bb ruh\u00e1t \u00e9s adj\u00e1tok r\u00e1, h\u00fazzatok gy\u0171r\u0171t az ujj\u00e1ra \u00e9s sarut a l\u00e1b\u00e1ra! Azut\u00e1n hozz\u00e1tok el\u0151 a h\u00edzlalt borj\u00fat, v\u00e1gj\u00e1tok le, egy\u00fcnk \u00e9s vigadjunk, mert ez a fiam meghalt, \u00e9s f\u00f6lt\u00e1madt, elveszett, \u00e9s megtal\u00e1ltatott.&#8217; Azt\u00e1n elkezdtek vigadozni.<br>Az id\u0151sebb fi\u00fa pedig a mez\u0151n volt, \u00e9s amikor hazat\u00e9r\u0151ben a h\u00e1zhoz k\u00f6zeledett, meghallotta a zenesz\u00f3t \u00e9s t\u00e1ncot. Odah\u00edvott egyet a szolg\u00e1k k\u00f6z\u00fcl, \u00e9s megk\u00e9rdezte, hogy mi t\u00f6rt\u00e9nt. Az \u00edgy v\u00e1laszolt neki: &#8216;Megj\u00f6tt az \u00f6cs\u00e9d, \u00e9s ap\u00e1d lev\u00e1gta a h\u00edzlalt borj\u00fat, mivel eg\u00e9szs\u00e9gben kapta \u0151t vissza.&#8217; Erre \u0151 megharagudott, \u00e9s nem akart bemenni. Ez\u00e9rt az apja kij\u00f6tt, \u00e9s k\u00e9rlelte. \u0150 azonban ezt mondta apj\u00e1nak: &#8216;L\u00e1sd, h\u00e1ny esztendeje szolg\u00e1lok neked, soha meg nem szegtem parancsodat, m\u00e9gsem adt\u00e1l nekem soha egy kecsk\u00e9t sem, hogy mulathassak bar\u00e1taimmal. De amikor megj\u00f6tt ez a te fiad, aki a vagyonodat par\u00e1zna n\u0151kre k\u00f6lt\u00f6tte, lev\u00e1gattad neki a h\u00edzlalt borj\u00fat.&#8217; \u0150 azonban azt mondta neki: &#8216;Fiam! Te mindig velem vagy, \u00e9s mindenem a ti\u00e9d. De vigadozni \u00e9s \u00f6rvendezni kellett, mert ez az \u00f6cs\u00e9d meghalt, \u00e9s f\u00f6lt\u00e1madt, elveszett, \u00e9s megtal\u00e1ltatott.&#8217;\u00ab\u201d<\/p>\n\n\n\n<p class=\"has-text-align-right wp-block-paragraph\"><em>Lk 15, 11-32<\/em><\/p>\n","protected":false},"excerpt":{"rendered":"<p>\u201eAzut\u00e1n \u00edgy sz\u00f3lt: \u00bbEgy embernek volt k\u00e9t fia. A fiatalabb azt mondta apj\u00e1nak: &#8216;Ap\u00e1m! Add ki nekem az \u00f6r\u00f6ks\u00e9g r\u00e1m es\u0151 r\u00e9sz\u00e9t!&#8217; Erre sz\u00e9tosztotta k\u00f6zt\u00fck vagyon\u00e1t. Nem sokkal ezut\u00e1n a fiatalabb fi\u00fa \u00f6sszeszedte minden\u00e9t, elment egy t\u00e1voli orsz\u00e1gba, \u00e9s ott l\u00e9ha \u00e9lettel elt\u00e9kozolta vagyon\u00e1t. Miut\u00e1n mindent elpazarolt, nagy \u00e9h\u00edns\u00e9g t\u00e1madt azon a vid\u00e9ken, \u00e9s n\u00e9lk\u00fcl\u00f6zni [&hellip;]<\/p>\n","protected":false},"author":2,"featured_media":0,"comment_status":"closed","ping_status":"closed","sticky":false,"template":"wp-custom-template-biblia-bejegyz-sek","format":"standard","meta":{"footnotes":""},"categories":[2],"tags":[],"class_list":["post-485","post","type-post","status-publish","format-standard","hentry","category-biblia"],"_links":{"self":[{"href":"https:\/\/zarandokuton.hu\/index.php?rest_route=\/wp\/v2\/posts\/485","targetHints":{"allow":["GET"]}}],"collection":[{"href":"https:\/\/zarandokuton.hu\/index.php?rest_route=\/wp\/v2\/posts"}],"about":[{"href":"https:\/\/zarandokuton.hu\/index.php?rest_route=\/wp\/v2\/types\/post"}],"author":[{"embeddable":true,"href":"https:\/\/zarandokuton.hu\/index.php?rest_route=\/wp\/v2\/users\/2"}],"replies":[{"embeddable":true,"href":"https:\/\/zarandokuton.hu\/index.php?rest_route=%2Fwp%2Fv2%2Fcomments&post=485"}],"version-history":[{"count":0,"href":"https:\/\/zarandokuton.hu\/index.php?rest_route=\/wp\/v2\/posts\/485\/revisions"}],"wp:attachment":[{"href":"https:\/\/zarandokuton.hu\/index.php?rest_route=%2Fwp%2Fv2%2Fmedia&parent=485"}],"wp:term":[{"taxonomy":"category","embeddable":true,"href":"https:\/\/zarandokuton.hu\/index.php?rest_route=%2Fwp%2Fv2%2Fcategories&post=485"},{"taxonomy":"post_tag","embeddable":true,"href":"https:\/\/zarandokuton.hu\/index.php?rest_route=%2Fwp%2Fv2%2Ftags&post=485"}],"curies":[{"name":"wp","href":"https:\/\/api.w.org\/{rel}","templated":true}]}}