{"id":515,"date":"2025-11-02T16:46:26","date_gmt":"2025-11-02T15:46:26","guid":{"rendered":"https:\/\/blog.whitebracelet.hu\/?p=515"},"modified":"2025-11-02T16:46:26","modified_gmt":"2025-11-02T15:46:26","slug":"a-farizeus-es-a-vamos-lukacs","status":"publish","type":"post","link":"https:\/\/zarandokuton.hu\/?p=515","title":{"rendered":"A farizeus \u00e9s a v\u00e1mos &#8211; Luk\u00e1cs"},"content":{"rendered":"\n<p class=\"has-text-align-center wp-block-paragraph\">\u201eN\u00e9h\u00e1ny elbizakodottnak pedig, akik azt gondolt\u00e1k, hogy \u0151k igazak, \u00e9s m\u00e1sokat megvetettek, ezt a p\u00e9ldabesz\u00e9det mondta: \u00bbK\u00e9t ember f\u00f6lment a templomba im\u00e1dkozni, az egyik farizeus volt, a m\u00e1sik v\u00e1mos. A farizeus meg\u00e1llt, \u00e9s \u00edgy im\u00e1dkozott mag\u00e1ba: &#8216;Istenem! H\u00e1l\u00e1t adok neked, hogy nem vagyok olyan, mint a t\u00f6bbi ember, rabl\u00f3, igaztalan \u00e9s h\u00e1zass\u00e1gt\u00f6r\u0151, mint ez a v\u00e1mos is. K\u00e9tszer b\u00f6jt\u00f6l\u00f6k hetente, tizedet adok mindenemb\u0151l.&#8217; A v\u00e1mos pedig t\u00e1vol \u00e1llt meg, nem merte a szem\u00e9t sem az \u00e9gre emelni. Mell\u00e9t verve \u00edgy sz\u00f3lt: &#8216;Istenem! L\u00e9gy irgalmas nekem, b\u0171n\u00f6snek!&#8217; Mondom nektek: ez megigazultan ment haza, amaz pedig nem. Mert mindazt, aki mag\u00e1t felmagasztalja, megal\u00e1zz\u00e1k, \u00e9s aki mag\u00e1t megal\u00e1zza, felmagasztalj\u00e1k.\u00ab\u201d<\/p>\n\n\n\n<p class=\"has-text-align-right wp-block-paragraph\"><em>Lk 18, 9-14<\/em><\/p>\n","protected":false},"excerpt":{"rendered":"<p>\u201eN\u00e9h\u00e1ny elbizakodottnak pedig, akik azt gondolt\u00e1k, hogy \u0151k igazak, \u00e9s m\u00e1sokat megvetettek, ezt a p\u00e9ldabesz\u00e9det mondta: \u00bbK\u00e9t ember f\u00f6lment a templomba im\u00e1dkozni, az egyik farizeus volt, a m\u00e1sik v\u00e1mos. A farizeus meg\u00e1llt, \u00e9s \u00edgy im\u00e1dkozott mag\u00e1ba: &#8216;Istenem! H\u00e1l\u00e1t adok neked, hogy nem vagyok olyan, mint a t\u00f6bbi ember, rabl\u00f3, igaztalan \u00e9s h\u00e1zass\u00e1gt\u00f6r\u0151, mint ez a [&hellip;]<\/p>\n","protected":false},"author":2,"featured_media":0,"comment_status":"closed","ping_status":"closed","sticky":false,"template":"wp-custom-template-biblia-bejegyz-sek","format":"standard","meta":{"footnotes":""},"categories":[2],"tags":[],"class_list":["post-515","post","type-post","status-publish","format-standard","hentry","category-biblia"],"_links":{"self":[{"href":"https:\/\/zarandokuton.hu\/index.php?rest_route=\/wp\/v2\/posts\/515","targetHints":{"allow":["GET"]}}],"collection":[{"href":"https:\/\/zarandokuton.hu\/index.php?rest_route=\/wp\/v2\/posts"}],"about":[{"href":"https:\/\/zarandokuton.hu\/index.php?rest_route=\/wp\/v2\/types\/post"}],"author":[{"embeddable":true,"href":"https:\/\/zarandokuton.hu\/index.php?rest_route=\/wp\/v2\/users\/2"}],"replies":[{"embeddable":true,"href":"https:\/\/zarandokuton.hu\/index.php?rest_route=%2Fwp%2Fv2%2Fcomments&post=515"}],"version-history":[{"count":0,"href":"https:\/\/zarandokuton.hu\/index.php?rest_route=\/wp\/v2\/posts\/515\/revisions"}],"wp:attachment":[{"href":"https:\/\/zarandokuton.hu\/index.php?rest_route=%2Fwp%2Fv2%2Fmedia&parent=515"}],"wp:term":[{"taxonomy":"category","embeddable":true,"href":"https:\/\/zarandokuton.hu\/index.php?rest_route=%2Fwp%2Fv2%2Fcategories&post=515"},{"taxonomy":"post_tag","embeddable":true,"href":"https:\/\/zarandokuton.hu\/index.php?rest_route=%2Fwp%2Fv2%2Ftags&post=515"}],"curies":[{"name":"wp","href":"https:\/\/api.w.org\/{rel}","templated":true}]}}