{"id":659,"date":"2025-11-08T18:49:32","date_gmt":"2025-11-08T17:49:32","guid":{"rendered":"https:\/\/blog.whitebracelet.hu\/?p=659"},"modified":"2025-11-08T18:49:32","modified_gmt":"2025-11-08T17:49:32","slug":"jezus-a-vizen-jar-mate","status":"publish","type":"post","link":"https:\/\/zarandokuton.hu\/?p=659","title":{"rendered":"J\u00e9zus a v\u00edzen j\u00e1r &#8211; M\u00e1t\u00e9"},"content":{"rendered":"\n<p class=\"has-text-align-center wp-block-paragraph\">\u201eEzut\u00e1n mindj\u00e1rt megparancsolta a tan\u00edtv\u00e1nyoknak, hogy sz\u00e1lljanak b\u00e1rk\u00e1ba, \u00e9s menjenek el\u0151tte a t\u00falpartra, am\u00edg \u0151 elbocs\u00e1tja a t\u00f6meget. <br>Miut\u00e1n elbocs\u00e1totta a t\u00f6meget, egyed\u00fcl f\u00f6lment a hegyre im\u00e1dkozni. Amikor beesteledett, egyed\u00fcl volt ott.<br>A b\u00e1rka pedig m\u00e1r sok st\u00e1diumnyira volt a partt\u00f3l, h\u00e1nyt\u00e1k-vetett\u00e9k a hull\u00e1mok, mert ellensz\u00e9l volt. \u00c9jjel pedig, a negyedik \u0151rv\u00e1lt\u00e1s idej\u00e9n odament hozz\u00e1juk a tengeren j\u00e1rva. Amikor a tan\u00edtv\u00e1nyok megl\u00e1tt\u00e1k \u0151t, amint a tengeren j\u00e1r, megrettentek \u00e9s azt mondt\u00e1k: \u00bbK\u00eds\u00e9rtet!\u00ab, \u00e9s f\u00e9lelm\u00fckben ki\u00e1ltozni kezdtek. J\u00e9zus azonban mindj\u00e1rt sz\u00f3lt nekik: \u00bbB\u00edzzatok, \u00e9n vagyok, ne f\u00e9ljetek!\u00ab P\u00e9ter \u00edgy v\u00e1laszolt neki: \u00bbUram, ha te vagy, parancsold, hogy hozz\u00e1d menjek a v\u00edzen.\u00ab \u0150 azt mondta: \u00bbGyere!\u00ab P\u00e9ter kisz\u00e1llt a b\u00e1rk\u00e1b\u00f3l, elindult a v\u00edzen \u00e9s J\u00e9zushoz ment. Mikor azonban l\u00e1tta az er\u0151s szelet, megijedt, \u00e9s amint mer\u00fclni kezdett, felki\u00e1ltott: \u00bbUram! Ments meg engem!\u00ab J\u00e9zus azonnal kiny\u00fajtotta a kez\u00e9t, megragadta \u0151t \u00e9s azt mondta neki: \u00bbTe kishit\u0171! Mi\u00e9rt k\u00e9telkedt\u00e9l?\u00ab Amikor besz\u00e1lltak a b\u00e1rk\u00e1ba, el\u00e1llt a sz\u00e9l. Akik a b\u00e1rk\u00e1ban voltak, leborultak el\u0151tte, \u00e9s azt mondt\u00e1k: \u00bbVal\u00f3ban Isten Fia vagy!\u00ab\u201d<\/p>\n\n\n\n<p class=\"has-text-align-right wp-block-paragraph\"><em>Mt 14, 22-33<\/em><\/p>\n\n\n\n<p class=\"has-text-align-right wp-block-paragraph\"><em>L\u00e1sd m\u00e9g:<\/em><br><em>Mk 6, 45-52<\/em><br><em>Jn 6, 16-21<\/em><\/p>\n","protected":false},"excerpt":{"rendered":"<p>\u201eEzut\u00e1n mindj\u00e1rt megparancsolta a tan\u00edtv\u00e1nyoknak, hogy sz\u00e1lljanak b\u00e1rk\u00e1ba, \u00e9s menjenek el\u0151tte a t\u00falpartra, am\u00edg \u0151 elbocs\u00e1tja a t\u00f6meget. Miut\u00e1n elbocs\u00e1totta a t\u00f6meget, egyed\u00fcl f\u00f6lment a hegyre im\u00e1dkozni. Amikor beesteledett, egyed\u00fcl volt ott.A b\u00e1rka pedig m\u00e1r sok st\u00e1diumnyira volt a partt\u00f3l, h\u00e1nyt\u00e1k-vetett\u00e9k a hull\u00e1mok, mert ellensz\u00e9l volt. \u00c9jjel pedig, a negyedik \u0151rv\u00e1lt\u00e1s idej\u00e9n odament hozz\u00e1juk a [&hellip;]<\/p>\n","protected":false},"author":3,"featured_media":0,"comment_status":"closed","ping_status":"closed","sticky":false,"template":"wp-custom-template-biblia-bejegyz-sek","format":"standard","meta":{"footnotes":""},"categories":[2],"tags":[],"class_list":["post-659","post","type-post","status-publish","format-standard","hentry","category-biblia"],"_links":{"self":[{"href":"https:\/\/zarandokuton.hu\/index.php?rest_route=\/wp\/v2\/posts\/659","targetHints":{"allow":["GET"]}}],"collection":[{"href":"https:\/\/zarandokuton.hu\/index.php?rest_route=\/wp\/v2\/posts"}],"about":[{"href":"https:\/\/zarandokuton.hu\/index.php?rest_route=\/wp\/v2\/types\/post"}],"author":[{"embeddable":true,"href":"https:\/\/zarandokuton.hu\/index.php?rest_route=\/wp\/v2\/users\/3"}],"replies":[{"embeddable":true,"href":"https:\/\/zarandokuton.hu\/index.php?rest_route=%2Fwp%2Fv2%2Fcomments&post=659"}],"version-history":[{"count":0,"href":"https:\/\/zarandokuton.hu\/index.php?rest_route=\/wp\/v2\/posts\/659\/revisions"}],"wp:attachment":[{"href":"https:\/\/zarandokuton.hu\/index.php?rest_route=%2Fwp%2Fv2%2Fmedia&parent=659"}],"wp:term":[{"taxonomy":"category","embeddable":true,"href":"https:\/\/zarandokuton.hu\/index.php?rest_route=%2Fwp%2Fv2%2Fcategories&post=659"},{"taxonomy":"post_tag","embeddable":true,"href":"https:\/\/zarandokuton.hu\/index.php?rest_route=%2Fwp%2Fv2%2Ftags&post=659"}],"curies":[{"name":"wp","href":"https:\/\/api.w.org\/{rel}","templated":true}]}}