{"id":667,"date":"2025-11-08T19:31:19","date_gmt":"2025-11-08T18:31:19","guid":{"rendered":"https:\/\/blog.whitebracelet.hu\/?p=667"},"modified":"2025-11-08T19:31:19","modified_gmt":"2025-11-08T18:31:19","slug":"a-masodik-kenyerszaporitas-mate","status":"publish","type":"post","link":"https:\/\/zarandokuton.hu\/?p=667","title":{"rendered":"A m\u00e1sodik keny\u00e9rszapor\u00edt\u00e1s &#8211; M\u00e1t\u00e9"},"content":{"rendered":"\n<p class=\"has-text-align-center wp-block-paragraph\">\u201eJ\u00e9zus pedig mag\u00e1hoz h\u00edvta tan\u00edtv\u00e1nyait \u00e9s azt mondta nekik: \u00bbMegesik a sz\u00edvem a t\u00f6megen, mert \u00edme, m\u00e1r h\u00e1rom napja velem vannak \u00e9s nincs mit enni\u00fck. Nem akarom \u0151ket \u00e9tlen elbocs\u00e1tani, nehogy ellankadjanak az \u00faton.\u00ab A tan\u00edtv\u00e1nyok ezt felelt\u00e9k neki: \u00bbHonnan lenne a pusztas\u00e1gban annyi kenyer\u00fcnk, hogy j\u00f3ltartsunk ekkora t\u00f6meget?\u00ab J\u00e9zus megk\u00e9rdezte t\u0151l\u00fck: \u00bbH\u00e1ny kenyeretek van?\u00ab Azt felelt\u00e9k: \u00bbH\u00e9t, \u00e9s n\u00e9h\u00e1ny apr\u00f3 halunk.\u00ab Erre megparancsolta a t\u00f6megnek, hogy telepedj\u00e9k le a f\u00f6ldre. Azut\u00e1n fogta a h\u00e9t kenyeret \u00e9s a halakat, h\u00e1l\u00e1t adott, megt\u00f6rte \u00e9s odaadta a tan\u00edtv\u00e1nyoknak, a tan\u00edtv\u00e1nyok pedig a t\u00f6megnek. Ettek mindannyian, \u00e9s j\u00f3llaktak. A megmaradt darabokat felszedt\u00e9k, h\u00e9t tele kos\u00e1rral. N\u00e9gyezer f\u00e9rfi volt, aki evett, az asszonyokat \u00e9s a gyerekeket nem sz\u00e1m\u00edtva. Miut\u00e1n elbocs\u00e1totta a t\u00f6meget, besz\u00e1llt a haj\u00f3ba \u00e9s Magad\u00e1n vid\u00e9k\u00e9re ment.\u201d<\/p>\n\n\n\n<p class=\"has-text-align-right wp-block-paragraph\"><em>Mt 15, 32-39<\/em><\/p>\n\n\n\n<p class=\"has-text-align-right wp-block-paragraph\"><em>L\u00e1sd m\u00e9g:<\/em><br><em>Mk 8, 1-9<\/em><\/p>\n","protected":false},"excerpt":{"rendered":"<p>\u201eJ\u00e9zus pedig mag\u00e1hoz h\u00edvta tan\u00edtv\u00e1nyait \u00e9s azt mondta nekik: \u00bbMegesik a sz\u00edvem a t\u00f6megen, mert \u00edme, m\u00e1r h\u00e1rom napja velem vannak \u00e9s nincs mit enni\u00fck. Nem akarom \u0151ket \u00e9tlen elbocs\u00e1tani, nehogy ellankadjanak az \u00faton.\u00ab A tan\u00edtv\u00e1nyok ezt felelt\u00e9k neki: \u00bbHonnan lenne a pusztas\u00e1gban annyi kenyer\u00fcnk, hogy j\u00f3ltartsunk ekkora t\u00f6meget?\u00ab J\u00e9zus megk\u00e9rdezte t\u0151l\u00fck: \u00bbH\u00e1ny kenyeretek van?\u00ab [&hellip;]<\/p>\n","protected":false},"author":3,"featured_media":0,"comment_status":"closed","ping_status":"closed","sticky":false,"template":"wp-custom-template-biblia-bejegyz-sek","format":"standard","meta":{"footnotes":""},"categories":[2],"tags":[],"class_list":["post-667","post","type-post","status-publish","format-standard","hentry","category-biblia"],"_links":{"self":[{"href":"https:\/\/zarandokuton.hu\/index.php?rest_route=\/wp\/v2\/posts\/667","targetHints":{"allow":["GET"]}}],"collection":[{"href":"https:\/\/zarandokuton.hu\/index.php?rest_route=\/wp\/v2\/posts"}],"about":[{"href":"https:\/\/zarandokuton.hu\/index.php?rest_route=\/wp\/v2\/types\/post"}],"author":[{"embeddable":true,"href":"https:\/\/zarandokuton.hu\/index.php?rest_route=\/wp\/v2\/users\/3"}],"replies":[{"embeddable":true,"href":"https:\/\/zarandokuton.hu\/index.php?rest_route=%2Fwp%2Fv2%2Fcomments&post=667"}],"version-history":[{"count":0,"href":"https:\/\/zarandokuton.hu\/index.php?rest_route=\/wp\/v2\/posts\/667\/revisions"}],"wp:attachment":[{"href":"https:\/\/zarandokuton.hu\/index.php?rest_route=%2Fwp%2Fv2%2Fmedia&parent=667"}],"wp:term":[{"taxonomy":"category","embeddable":true,"href":"https:\/\/zarandokuton.hu\/index.php?rest_route=%2Fwp%2Fv2%2Fcategories&post=667"},{"taxonomy":"post_tag","embeddable":true,"href":"https:\/\/zarandokuton.hu\/index.php?rest_route=%2Fwp%2Fv2%2Ftags&post=667"}],"curies":[{"name":"wp","href":"https:\/\/api.w.org\/{rel}","templated":true}]}}