{"id":671,"date":"2025-11-08T19:41:45","date_gmt":"2025-11-08T18:41:45","guid":{"rendered":"https:\/\/blog.whitebracelet.hu\/?p=671"},"modified":"2025-11-08T19:41:45","modified_gmt":"2025-11-08T18:41:45","slug":"a-ket-jerikoi-vak-meggyogyitasa-mate","status":"publish","type":"post","link":"https:\/\/zarandokuton.hu\/?p=671","title":{"rendered":"A k\u00e9t jerik\u00f3i vak meggy\u00f3gy\u00edt\u00e1sa &#8211; M\u00e1t\u00e9"},"content":{"rendered":"\n<p class=\"has-text-align-center wp-block-paragraph\">\u201eAmikor kimentek Jerik\u00f3b\u00f3l, nagy t\u00f6meg k\u00f6vette \u0151t. \u00c9s \u00edme, ott \u00fclt az \u00fat mellett k\u00e9t vak. Amint meghallott\u00e1k, hogy J\u00e9zus arra megy, felki\u00e1ltottak: \u00bbK\u00f6ny\u00f6r\u00fclj rajtunk, Uram, D\u00e1vid Fia!\u00ab A t\u00f6meg r\u00e1juk parancsolt, hogy hallgassanak, de azok m\u00e9g hangosabban ki\u00e1ltott\u00e1k: \u00bbK\u00f6ny\u00f6r\u00fclj rajtunk, Uram, D\u00e1vid Fia!\u00ab J\u00e9zus meg\u00e1llt, odah\u00edvta \u0151ket \u00e9s \u00edgy sz\u00f3lt: \u00bbMit akartok, hogy tegyek veletek?\u00ab Azok azt felelt\u00e9k neki: \u00bbUram! Hogy megny\u00edljon a szem\u00fcnk.\u00ab J\u00e9zusnak megesett rajtuk a sz\u00edve \u00e9s meg\u00e9rintette a szem\u00fcket. Azonnal l\u00e1tni kezdtek \u00e9s k\u00f6vett\u00e9k \u0151t.\u201d<\/p>\n\n\n\n<p class=\"has-text-align-right wp-block-paragraph\"><em>Mt 20, 29-34<\/em><\/p>\n\n\n\n<p class=\"has-text-align-right wp-block-paragraph\"><em>L\u00e1sd m\u00e9g:<\/em><br><em>Mk 10, 46-52<\/em><br><em>Lk 18, 35-43<\/em><\/p>\n","protected":false},"excerpt":{"rendered":"<p>\u201eAmikor kimentek Jerik\u00f3b\u00f3l, nagy t\u00f6meg k\u00f6vette \u0151t. \u00c9s \u00edme, ott \u00fclt az \u00fat mellett k\u00e9t vak. Amint meghallott\u00e1k, hogy J\u00e9zus arra megy, felki\u00e1ltottak: \u00bbK\u00f6ny\u00f6r\u00fclj rajtunk, Uram, D\u00e1vid Fia!\u00ab A t\u00f6meg r\u00e1juk parancsolt, hogy hallgassanak, de azok m\u00e9g hangosabban ki\u00e1ltott\u00e1k: \u00bbK\u00f6ny\u00f6r\u00fclj rajtunk, Uram, D\u00e1vid Fia!\u00ab J\u00e9zus meg\u00e1llt, odah\u00edvta \u0151ket \u00e9s \u00edgy sz\u00f3lt: \u00bbMit akartok, hogy tegyek [&hellip;]<\/p>\n","protected":false},"author":3,"featured_media":0,"comment_status":"closed","ping_status":"closed","sticky":false,"template":"wp-custom-template-biblia-bejegyz-sek","format":"standard","meta":{"footnotes":""},"categories":[2],"tags":[],"class_list":["post-671","post","type-post","status-publish","format-standard","hentry","category-biblia"],"_links":{"self":[{"href":"https:\/\/zarandokuton.hu\/index.php?rest_route=\/wp\/v2\/posts\/671","targetHints":{"allow":["GET"]}}],"collection":[{"href":"https:\/\/zarandokuton.hu\/index.php?rest_route=\/wp\/v2\/posts"}],"about":[{"href":"https:\/\/zarandokuton.hu\/index.php?rest_route=\/wp\/v2\/types\/post"}],"author":[{"embeddable":true,"href":"https:\/\/zarandokuton.hu\/index.php?rest_route=\/wp\/v2\/users\/3"}],"replies":[{"embeddable":true,"href":"https:\/\/zarandokuton.hu\/index.php?rest_route=%2Fwp%2Fv2%2Fcomments&post=671"}],"version-history":[{"count":0,"href":"https:\/\/zarandokuton.hu\/index.php?rest_route=\/wp\/v2\/posts\/671\/revisions"}],"wp:attachment":[{"href":"https:\/\/zarandokuton.hu\/index.php?rest_route=%2Fwp%2Fv2%2Fmedia&parent=671"}],"wp:term":[{"taxonomy":"category","embeddable":true,"href":"https:\/\/zarandokuton.hu\/index.php?rest_route=%2Fwp%2Fv2%2Fcategories&post=671"},{"taxonomy":"post_tag","embeddable":true,"href":"https:\/\/zarandokuton.hu\/index.php?rest_route=%2Fwp%2Fv2%2Ftags&post=671"}],"curies":[{"name":"wp","href":"https:\/\/api.w.org\/{rel}","templated":true}]}}