{"id":722,"date":"2025-11-08T20:00:47","date_gmt":"2025-11-08T19:00:47","guid":{"rendered":"https:\/\/blog.whitebracelet.hu\/?p=722"},"modified":"2025-11-08T20:00:47","modified_gmt":"2025-11-08T19:00:47","slug":"a-kafarnaumi-zsinagogaban-mark","status":"publish","type":"post","link":"https:\/\/zarandokuton.hu\/?p=722","title":{"rendered":"A kafarnaumi zsinag\u00f3g\u00e1ban &#8211; M\u00e1rk"},"content":{"rendered":"\n<p class=\"has-text-align-center wp-block-paragraph\">\u201eBementek Kafarnaumba. Szombaton mindj\u00e1rt bement a zsinag\u00f3g\u00e1ba \u00e9s tan\u00edtott. \u00c1lm\u00e9lkodtak a tan\u00edt\u00e1s\u00e1n, mert \u00fagy tan\u00edtotta \u0151ket, mint akinek hatalma van, \u00e9s nem \u00fagy, mint az \u00edr\u00e1stud\u00f3k. Volt a zsinag\u00f3g\u00e1jukban egy ember a tiszt\u00e1talan l\u00e9lek hatalm\u00e1ban. Ez \u00edgy ki\u00e1ltott f\u00f6l: \u00bbMi k\u00f6z\u00fcnk hozz\u00e1d, N\u00e1z\u00e1reti J\u00e9zus! Az\u00e9rt j\u00f6tt\u00e9l, hogy elvesz\u00edts minket? Tudom ki vagy: az Isten Szentje!\u00ab J\u00e9zus megparancsolta neki: \u00bbN\u00e9mulj el, \u00e9s menj ki bel\u0151le.\u00ab A tiszt\u00e1talan l\u00e9lek erre \u00f6ssze-vissza r\u00e1ngatta \u0151t, majd hangosan ki\u00e1ltva kiment bel\u0151le. Erre mindny\u00e1jan elcsod\u00e1lkoztak, s azt k\u00e9rdezt\u00e9k egym\u00e1st\u00f3l: \u00bbMi ez? \u00daj tan\u00edt\u00e1s, hatalommal? M\u00e9g a tiszt\u00e1talan lelkeknek is parancsol, \u00e9s azok engedelmeskednek neki.\u00ab Egyszerre elterjedt a h\u00edre Galilea eg\u00e9sz vid\u00e9k\u00e9n.\u201d<\/p>\n\n\n\n<p class=\"has-text-align-right wp-block-paragraph\"><em>Mk 1, 21-28<\/em><\/p>\n\n\n\n<p class=\"has-text-align-right wp-block-paragraph\"><em>L\u00e1sd m\u00e9g:<\/em><br><em>Lk 4, 31-37<\/em><\/p>\n","protected":false},"excerpt":{"rendered":"<p>\u201eBementek Kafarnaumba. Szombaton mindj\u00e1rt bement a zsinag\u00f3g\u00e1ba \u00e9s tan\u00edtott. \u00c1lm\u00e9lkodtak a tan\u00edt\u00e1s\u00e1n, mert \u00fagy tan\u00edtotta \u0151ket, mint akinek hatalma van, \u00e9s nem \u00fagy, mint az \u00edr\u00e1stud\u00f3k. Volt a zsinag\u00f3g\u00e1jukban egy ember a tiszt\u00e1talan l\u00e9lek hatalm\u00e1ban. Ez \u00edgy ki\u00e1ltott f\u00f6l: \u00bbMi k\u00f6z\u00fcnk hozz\u00e1d, N\u00e1z\u00e1reti J\u00e9zus! Az\u00e9rt j\u00f6tt\u00e9l, hogy elvesz\u00edts minket? Tudom ki vagy: az Isten Szentje!\u00ab [&hellip;]<\/p>\n","protected":false},"author":3,"featured_media":0,"comment_status":"closed","ping_status":"closed","sticky":false,"template":"wp-custom-template-biblia-bejegyz-sek","format":"standard","meta":{"footnotes":""},"categories":[2],"tags":[],"class_list":["post-722","post","type-post","status-publish","format-standard","hentry","category-biblia"],"_links":{"self":[{"href":"https:\/\/zarandokuton.hu\/index.php?rest_route=\/wp\/v2\/posts\/722","targetHints":{"allow":["GET"]}}],"collection":[{"href":"https:\/\/zarandokuton.hu\/index.php?rest_route=\/wp\/v2\/posts"}],"about":[{"href":"https:\/\/zarandokuton.hu\/index.php?rest_route=\/wp\/v2\/types\/post"}],"author":[{"embeddable":true,"href":"https:\/\/zarandokuton.hu\/index.php?rest_route=\/wp\/v2\/users\/3"}],"replies":[{"embeddable":true,"href":"https:\/\/zarandokuton.hu\/index.php?rest_route=%2Fwp%2Fv2%2Fcomments&post=722"}],"version-history":[{"count":0,"href":"https:\/\/zarandokuton.hu\/index.php?rest_route=\/wp\/v2\/posts\/722\/revisions"}],"wp:attachment":[{"href":"https:\/\/zarandokuton.hu\/index.php?rest_route=%2Fwp%2Fv2%2Fmedia&parent=722"}],"wp:term":[{"taxonomy":"category","embeddable":true,"href":"https:\/\/zarandokuton.hu\/index.php?rest_route=%2Fwp%2Fv2%2Fcategories&post=722"},{"taxonomy":"post_tag","embeddable":true,"href":"https:\/\/zarandokuton.hu\/index.php?rest_route=%2Fwp%2Fv2%2Ftags&post=722"}],"curies":[{"name":"wp","href":"https:\/\/api.w.org\/{rel}","templated":true}]}}