{"id":733,"date":"2025-11-08T20:19:59","date_gmt":"2025-11-08T19:19:59","guid":{"rendered":"https:\/\/blog.whitebracelet.hu\/?p=733"},"modified":"2025-11-08T20:19:59","modified_gmt":"2025-11-08T19:19:59","slug":"a-vihar-lecsendesitese-mark","status":"publish","type":"post","link":"https:\/\/zarandokuton.hu\/?p=733","title":{"rendered":"A vihar lecsendes\u00edt\u00e9se &#8211; M\u00e1rk"},"content":{"rendered":"\n<p class=\"has-text-align-center wp-block-paragraph\">\u201eAmikor aznap beesteledett, \u00edgy sz\u00f3lt hozz\u00e1juk: \u00bbMenj\u00fcnk \u00e1t a t\u00fals\u00f3 partra!\u00ab Erre azok elbocs\u00e1tott\u00e1k a t\u00f6meget, \u0151t pedig magukkal vitt\u00e9k \u00fagy, ahogy ott volt a b\u00e1rk\u00e1ban. T\u00f6bb b\u00e1rka is k\u00eds\u00e9rte \u0151ket. Nagy sz\u00e9lv\u00e9sz t\u00e1madt, s a hull\u00e1mok becsaptak a b\u00e1rk\u00e1ba, \u00fagy, hogy m\u00e1r-m\u00e1r megtelt. \u0150 pedig a b\u00e1rka h\u00e1ts\u00f3 v\u00e9g\u00e9ben egy v\u00e1nkoson aludt. Felkeltett\u00e9k, s ezt mondt\u00e1k neki: \u00bbMester! Nem t\u00f6r\u0151dsz vele, hogy elvesz\u00fcnk?\u00ab \u0150 f\u00f6lkelt, megfenyegette a szelet, \u00e9s azt mondta a tengernek: \u00bbCsendesedj \u00e9s n\u00e9mulj el!\u00ab Erre el\u00e1llt a sz\u00e9l \u00e9s nagy csendess\u00e9g lett. Azut\u00e1n hozz\u00e1juk fordult: \u00bbMi\u00e9rt vagytok gy\u00e1v\u00e1k? M\u00e9d mindig nincs hitetek?\u00ab Erre nagy f\u00e9lelem fogta el \u0151ket, \u00e9s azt k\u00e9rdezgett\u00e9k egym\u00e1st\u00f3l: \u00bbKi ez, hogy a sz\u00e9l \u00e9s tenger is engedelmeskedik neki?\u00ab<\/p>\n\n\n\n<p class=\"has-text-align-right wp-block-paragraph\"><em>Mk 4, 35-41<\/em><\/p>\n\n\n\n<p class=\"has-text-align-right wp-block-paragraph\"><em>L\u00e1sd m\u00e9g:<\/em><br><em><a href=\"https:\/\/zarandokuton.hu\/a-vihar-lecsendesitese-mate\/\" data-type=\"post\" data-id=\"286\">Mt 8, 23-27<\/a><\/em><br><em>Lk 8, 22-25<\/em><\/p>\n","protected":false},"excerpt":{"rendered":"<p>\u201eAmikor aznap beesteledett, \u00edgy sz\u00f3lt hozz\u00e1juk: \u00bbMenj\u00fcnk \u00e1t a t\u00fals\u00f3 partra!\u00ab Erre azok elbocs\u00e1tott\u00e1k a t\u00f6meget, \u0151t pedig magukkal vitt\u00e9k \u00fagy, ahogy ott volt a b\u00e1rk\u00e1ban. T\u00f6bb b\u00e1rka is k\u00eds\u00e9rte \u0151ket. Nagy sz\u00e9lv\u00e9sz t\u00e1madt, s a hull\u00e1mok becsaptak a b\u00e1rk\u00e1ba, \u00fagy, hogy m\u00e1r-m\u00e1r megtelt. \u0150 pedig a b\u00e1rka h\u00e1ts\u00f3 v\u00e9g\u00e9ben egy v\u00e1nkoson aludt. Felkeltett\u00e9k, s [&hellip;]<\/p>\n","protected":false},"author":3,"featured_media":0,"comment_status":"closed","ping_status":"closed","sticky":false,"template":"wp-custom-template-biblia-bejegyz-sek","format":"standard","meta":{"footnotes":""},"categories":[2],"tags":[],"class_list":["post-733","post","type-post","status-publish","format-standard","hentry","category-biblia"],"_links":{"self":[{"href":"https:\/\/zarandokuton.hu\/index.php?rest_route=\/wp\/v2\/posts\/733","targetHints":{"allow":["GET"]}}],"collection":[{"href":"https:\/\/zarandokuton.hu\/index.php?rest_route=\/wp\/v2\/posts"}],"about":[{"href":"https:\/\/zarandokuton.hu\/index.php?rest_route=\/wp\/v2\/types\/post"}],"author":[{"embeddable":true,"href":"https:\/\/zarandokuton.hu\/index.php?rest_route=\/wp\/v2\/users\/3"}],"replies":[{"embeddable":true,"href":"https:\/\/zarandokuton.hu\/index.php?rest_route=%2Fwp%2Fv2%2Fcomments&post=733"}],"version-history":[{"count":0,"href":"https:\/\/zarandokuton.hu\/index.php?rest_route=\/wp\/v2\/posts\/733\/revisions"}],"wp:attachment":[{"href":"https:\/\/zarandokuton.hu\/index.php?rest_route=%2Fwp%2Fv2%2Fmedia&parent=733"}],"wp:term":[{"taxonomy":"category","embeddable":true,"href":"https:\/\/zarandokuton.hu\/index.php?rest_route=%2Fwp%2Fv2%2Fcategories&post=733"},{"taxonomy":"post_tag","embeddable":true,"href":"https:\/\/zarandokuton.hu\/index.php?rest_route=%2Fwp%2Fv2%2Ftags&post=733"}],"curies":[{"name":"wp","href":"https:\/\/api.w.org\/{rel}","templated":true}]}}