{"id":738,"date":"2025-11-10T19:43:32","date_gmt":"2025-11-10T18:43:32","guid":{"rendered":"https:\/\/blog.whitebracelet.hu\/?p=738"},"modified":"2025-11-10T19:43:32","modified_gmt":"2025-11-10T18:43:32","slug":"a-gerazai-megszallott-meggyogyitasa-mark","status":"publish","type":"post","link":"https:\/\/zarandokuton.hu\/?p=738","title":{"rendered":"A ger\u00e1zai megsz\u00e1llott meggy\u00f3gy\u00edt\u00e1sa &#8211; M\u00e1rk"},"content":{"rendered":"\n<p class=\"has-text-align-center wp-block-paragraph\">\u201eNemsok\u00e1ra \u00e1tjutottak a tengeren t\u00falra a ger\u00e1zaiak f\u00f6ldj\u00e9re. Amint kil\u00e9pett a b\u00e1rk\u00e1b\u00f3l, mindj\u00e1rt el\u00e9be ment egy ember a s\u00edrok k\u00f6z\u00fcl, aki a tiszt\u00e1talan l\u00e9lek hatalm\u00e1ban volt \u00e9s s\u00edrboltokban lakott. M\u00e1r l\u00e1ncokkal sem tudt\u00e1k megk\u00f6t\u00f6zni. Sokszor b\u00e9kly\u00f3ba \u00e9s l\u00e1ncra vert\u00e9k, de elszak\u00edtotta a l\u00e1ncokat, \u00f6sszet\u00f6rte a bilincseket, \u00e9s senki sem tudta \u0151t megf\u00e9kezni. \u00c9jjel-nappal mindig a s\u00edrboltokban \u00e9s a hegyekben tany\u00e1zott, ki\u00e1ltozott \u00e9s k\u00f6vekkel roncsolta mag\u00e1t. Amikor messzir\u0151l megl\u00e1tta J\u00e9zust, odafutott, leborult el\u0151tte, \u00e9s nagy hangon ki\u00e1ltotta: \u00bbMi k\u00f6z\u00f6m hozz\u00e1d, J\u00e9zus, a magass\u00e1gbeli Isten Fia? Az Istenre k\u00e9nyszer\u00edtlek, ne gy\u00f6t\u00f6rj engem!\u00ab \u0150 ugyanis azt mondta neki: \u00bbTiszt\u00e1talan l\u00e9lek, menj ki az emberb\u0151l!\u00ab Ekkor megk\u00e9rdezte t\u0151le: \u00bbMi a neved?\u00ab Az \u00edgy v\u00e1laszolt neki: \u00bbL\u00e9gi\u00f3 a nevem, mert sokan vagyunk.\u00ab \u00c9s k\u00f6ny\u00f6r\u00f6gve k\u00e9rte \u0151t, hogy ne \u0171zze ki arr\u00f3l a vid\u00e9kr\u0151l.<br>Volt a hegy k\u00f6r\u00fcl a legel\u0151n egy nagy diszn\u00f3csorda. Az \u00f6rd\u00f6g\u00f6k azt k\u00e9rt\u00e9k t\u0151le: \u00bbK\u00fcldj minket a diszn\u00f3kba, hadd menj\u00fcnk bel\u00e9j\u00fck.\u00ab J\u00e9zus megengedte nekik. A tiszt\u00e1talan lelkek kimentek \u00e9s megsz\u00e1llt\u00e1k a diszn\u00f3kat. Erre a k\u00e9tezernyi csorda a meredekr\u0151l a tengerbe rohant, \u00e9s belefulladt a tengerbe. Akik legeltett\u00e9k \u0151ket, elfutottak, s h\u00edr\u00fcl vitt\u00e9k ezt a v\u00e1rosba \u00e9s a falvakba. Az emberek kimentek, hogy l\u00e1ss\u00e1k, mi t\u00f6rt\u00e9nt. J\u00e9zushoz \u00e9rve l\u00e1tt\u00e1k, hogy az \u00f6rd\u00f6gseregt\u0151l megsz\u00e1llott fel\u00f6lt\u00f6zve, \u00e9p \u00e9sszel \u00fcl, \u00e9s f\u00e9lelem fogta el \u0151ket. A szemtan\u00fak pedig elbesz\u00e9lt\u00e9k nekik, hogy mi t\u00f6rt\u00e9nt az \u00f6rd\u00f6ng\u00f6ssel \u00e9s a diszn\u00f3kkal. Ez\u00e9rt k\u00e9rni kezdt\u00e9k \u0151t, hogy t\u00e1vozz\u00e9k el a hat\u00e1rukb\u00f3l. Amikor besz\u00e1llt a b\u00e1rk\u00e1ba, az ember, aki megsz\u00e1llott volt, k\u00e9rte \u0151t, hogy vele mehessen. De J\u00e9zus nem engedte meg neki, hanem \u00edgy sz\u00f3lt: \u00bbMenj haza a tieidhez, \u00e9s hirdesd nekik, milyen nagy dolgot m\u0171velt veled az \u00dar, \u00e9s hogyan k\u00f6ny\u00f6r\u00fclt meg rajtad!\u00ab Az el is ment, \u00e9s elkezdte hirdetni a T\u00edzv\u00e1rosban, hogy J\u00e9zus milyen nagy dolgot cselekedett vele. \u00c9s mindenki csod\u00e1lkozott.\u201d<\/p>\n\n\n\n<p class=\"has-text-align-right wp-block-paragraph\"><em>Mk 5, 1-20<\/em><\/p>\n\n\n\n<p class=\"has-text-align-right wp-block-paragraph\"><em>L\u00e1sd m\u00e9g:<\/em><br><em><a href=\"https:\/\/zarandokuton.hu\/a-gadarai-megszallottak-meggyogyitasa-mate\/\" data-type=\"post\" data-id=\"645\">Mt 8, 28-34<\/a><\/em><br><em>Lk 8, 26-39<\/em><\/p>\n","protected":false},"excerpt":{"rendered":"<p>\u201eNemsok\u00e1ra \u00e1tjutottak a tengeren t\u00falra a ger\u00e1zaiak f\u00f6ldj\u00e9re. Amint kil\u00e9pett a b\u00e1rk\u00e1b\u00f3l, mindj\u00e1rt el\u00e9be ment egy ember a s\u00edrok k\u00f6z\u00fcl, aki a tiszt\u00e1talan l\u00e9lek hatalm\u00e1ban volt \u00e9s s\u00edrboltokban lakott. M\u00e1r l\u00e1ncokkal sem tudt\u00e1k megk\u00f6t\u00f6zni. Sokszor b\u00e9kly\u00f3ba \u00e9s l\u00e1ncra vert\u00e9k, de elszak\u00edtotta a l\u00e1ncokat, \u00f6sszet\u00f6rte a bilincseket, \u00e9s senki sem tudta \u0151t megf\u00e9kezni. \u00c9jjel-nappal mindig a [&hellip;]<\/p>\n","protected":false},"author":3,"featured_media":0,"comment_status":"closed","ping_status":"closed","sticky":false,"template":"wp-custom-template-biblia-bejegyz-sek","format":"standard","meta":{"footnotes":""},"categories":[2],"tags":[],"class_list":["post-738","post","type-post","status-publish","format-standard","hentry","category-biblia"],"_links":{"self":[{"href":"https:\/\/zarandokuton.hu\/index.php?rest_route=\/wp\/v2\/posts\/738","targetHints":{"allow":["GET"]}}],"collection":[{"href":"https:\/\/zarandokuton.hu\/index.php?rest_route=\/wp\/v2\/posts"}],"about":[{"href":"https:\/\/zarandokuton.hu\/index.php?rest_route=\/wp\/v2\/types\/post"}],"author":[{"embeddable":true,"href":"https:\/\/zarandokuton.hu\/index.php?rest_route=\/wp\/v2\/users\/3"}],"replies":[{"embeddable":true,"href":"https:\/\/zarandokuton.hu\/index.php?rest_route=%2Fwp%2Fv2%2Fcomments&post=738"}],"version-history":[{"count":0,"href":"https:\/\/zarandokuton.hu\/index.php?rest_route=\/wp\/v2\/posts\/738\/revisions"}],"wp:attachment":[{"href":"https:\/\/zarandokuton.hu\/index.php?rest_route=%2Fwp%2Fv2%2Fmedia&parent=738"}],"wp:term":[{"taxonomy":"category","embeddable":true,"href":"https:\/\/zarandokuton.hu\/index.php?rest_route=%2Fwp%2Fv2%2Fcategories&post=738"},{"taxonomy":"post_tag","embeddable":true,"href":"https:\/\/zarandokuton.hu\/index.php?rest_route=%2Fwp%2Fv2%2Ftags&post=738"}],"curies":[{"name":"wp","href":"https:\/\/api.w.org\/{rel}","templated":true}]}}