{"id":740,"date":"2025-11-10T20:02:54","date_gmt":"2025-11-10T19:02:54","guid":{"rendered":"https:\/\/blog.whitebracelet.hu\/?p=740"},"modified":"2025-11-10T20:02:54","modified_gmt":"2025-11-10T19:02:54","slug":"egy-bena-meggyogyitasa-mark","status":"publish","type":"post","link":"https:\/\/zarandokuton.hu\/?p=740","title":{"rendered":"Egy b\u00e9na meggy\u00f3gy\u00edt\u00e1sa &#8211; M\u00e1rk"},"content":{"rendered":"\n<p class=\"has-text-align-center wp-block-paragraph\">\u201eN\u00e9h\u00e1ny nap m\u00falva \u00fajra bement Kafarnaumba, \u00e9s elterjedt a h\u00edre, hogy a h\u00e1zban van. Sokan \u00f6sszegy\u0171ltek, \u00fagyhogy m\u00e1r az ajt\u00f3hoz sem f\u00e9rtek, \u00e9s hirdette nekik az ig\u00e9t. K\u00f6zben odaj\u00f6ttek hozz\u00e1 n\u00e9h\u00e1nyan, akik egy b\u00e9n\u00e1t hoztak, n\u00e9gyen cipelt\u00e9k. Mivel nem tudt\u00e1k el\u00e9je vinni a t\u00f6meg miatt, kibontott\u00e1k a h\u00e1z tetej\u00e9t, ahol \u0151 volt, \u00e9s \u00e1tlyukasztva azt, lebocs\u00e1tott\u00e1k az \u00e1gyat, amelyen a b\u00e9na fek\u00fcdt. A hit\u00fcket l\u00e1tva J\u00e9zus \u00edgy sz\u00f3lt a b\u00e9n\u00e1hoz: \u00bbFiam! B\u0171neid bocs\u00e1natot nyertek.\u00ab<br>\u00dcltek ott n\u00e9h\u00e1nyan az \u00edr\u00e1stud\u00f3k k\u00f6z\u00fcl is. Ezek azt gondolt\u00e1k magukban: \u00bbHogyan besz\u00e9lhet ez \u00edgy? K\u00e1romkodik. Ki bocs\u00e1thatja meg a b\u0171n\u00f6ket m\u00e1s, mint egyed\u00fcl az Isten?\u00ab J\u00e9zus r\u00f6gt\u00f6n \u00e9szrevette lelk\u00e9ben, hogy \u00edgy gondolkodnak magukban, ez\u00e9rt azt mondta nekik: \u00bbMi\u00e9rt gondolj\u00e1tok ezeket sz\u00edvetekben? Mi k\u00f6nnyebb, azt mondani a b\u00e9n\u00e1nak: &#8216;Bocs\u00e1natot nyertek b\u0171neid&#8217;, vagy azt mondani: &#8216;Kelj f\u00f6l, vedd \u00e1gyadat \u00e9s j\u00e1rj&#8217;? Hogy pedig l\u00e1ss\u00e1tok, hogy az Emberfi\u00e1nak hatalma van a f\u00f6ld\u00f6n a b\u0171n\u00f6ket megbocs\u00e1tani \u2013 ekkor a b\u00e9n\u00e1hoz fordult: \u2013 Mondom neked, kelj f\u00f6l, vedd \u00e1gyadat \u00e9s menj haza!\u00ab Az pedig mindj\u00e1rt fel is kelt, fogta az \u00e1gy\u00e1t, \u00e9s elment mindenki szeme l\u00e1tt\u00e1ra, \u00fagyhogy mindny\u00e1jan csod\u00e1lkoztak, \u00e9s dics\u0151\u00edtett\u00e9k az Istent. Ezt mondt\u00e1k: \u00bbIlyet m\u00e9g nem l\u00e1ttunk soha.\u00ab<\/p>\n\n\n\n<p class=\"has-text-align-right wp-block-paragraph\"><em>Mk 2, 1-12<\/em><\/p>\n\n\n\n<p class=\"has-text-align-right wp-block-paragraph\"><em>L\u00e1sd m\u00e9g:<\/em><br><em><a href=\"https:\/\/zarandokuton.hu\/egy-bena-meggyogyitasa-mate\/\" data-type=\"post\" data-id=\"647\">Mt 9, 1-8<\/a><\/em><br><em>Lk 5, 17-26<\/em><\/p>\n","protected":false},"excerpt":{"rendered":"<p>\u201eN\u00e9h\u00e1ny nap m\u00falva \u00fajra bement Kafarnaumba, \u00e9s elterjedt a h\u00edre, hogy a h\u00e1zban van. Sokan \u00f6sszegy\u0171ltek, \u00fagyhogy m\u00e1r az ajt\u00f3hoz sem f\u00e9rtek, \u00e9s hirdette nekik az ig\u00e9t. K\u00f6zben odaj\u00f6ttek hozz\u00e1 n\u00e9h\u00e1nyan, akik egy b\u00e9n\u00e1t hoztak, n\u00e9gyen cipelt\u00e9k. Mivel nem tudt\u00e1k el\u00e9je vinni a t\u00f6meg miatt, kibontott\u00e1k a h\u00e1z tetej\u00e9t, ahol \u0151 volt, \u00e9s \u00e1tlyukasztva azt, [&hellip;]<\/p>\n","protected":false},"author":3,"featured_media":0,"comment_status":"closed","ping_status":"closed","sticky":false,"template":"wp-custom-template-biblia-bejegyz-sek","format":"standard","meta":{"footnotes":""},"categories":[2],"tags":[],"class_list":["post-740","post","type-post","status-publish","format-standard","hentry","category-biblia"],"_links":{"self":[{"href":"https:\/\/zarandokuton.hu\/index.php?rest_route=\/wp\/v2\/posts\/740","targetHints":{"allow":["GET"]}}],"collection":[{"href":"https:\/\/zarandokuton.hu\/index.php?rest_route=\/wp\/v2\/posts"}],"about":[{"href":"https:\/\/zarandokuton.hu\/index.php?rest_route=\/wp\/v2\/types\/post"}],"author":[{"embeddable":true,"href":"https:\/\/zarandokuton.hu\/index.php?rest_route=\/wp\/v2\/users\/3"}],"replies":[{"embeddable":true,"href":"https:\/\/zarandokuton.hu\/index.php?rest_route=%2Fwp%2Fv2%2Fcomments&post=740"}],"version-history":[{"count":0,"href":"https:\/\/zarandokuton.hu\/index.php?rest_route=\/wp\/v2\/posts\/740\/revisions"}],"wp:attachment":[{"href":"https:\/\/zarandokuton.hu\/index.php?rest_route=%2Fwp%2Fv2%2Fmedia&parent=740"}],"wp:term":[{"taxonomy":"category","embeddable":true,"href":"https:\/\/zarandokuton.hu\/index.php?rest_route=%2Fwp%2Fv2%2Fcategories&post=740"},{"taxonomy":"post_tag","embeddable":true,"href":"https:\/\/zarandokuton.hu\/index.php?rest_route=%2Fwp%2Fv2%2Ftags&post=740"}],"curies":[{"name":"wp","href":"https:\/\/api.w.org\/{rel}","templated":true}]}}